{"id":569,"date":"2024-06-22T16:08:00","date_gmt":"2024-06-22T14:08:00","guid":{"rendered":"https:\/\/angelikahensgen.hensgen.de\/?p=569"},"modified":"2024-06-22T16:16:16","modified_gmt":"2024-06-22T14:16:16","slug":"wir-lesen-wir-schreiben-geht-noch-was","status":"publish","type":"post","link":"https:\/\/angelikahensgen.hensgen.de\/?p=569","title":{"rendered":"&#8230;wir lesen, wir schreiben, geht noch was?"},"content":{"rendered":"\n<p>Seufz &#8211; voller Zuversicht hatte ich diesen Blog mal gestartet, um neben all dem, was mich in der Welt umtreibt, dem Raum zu geben, was mein Schreiben betrifft, denn das tue ich seit meinem dreizehnten Lebensjahr, ungeachtet dessen, ob es jemand wahrnimmt oder nicht. Es geh\u00f6rt zu meinem Leben &#8211; so pathetisch es klingt &#8211; wie Atmen, Essen und Trinken. Lesen und Schreiben haben mich getr\u00f6stet, erfreut, in Spannung gehalten, gerettet. Es gibt im Leben eines Menschen Ereignisse, die ihn auseinanderrei\u00dfen. Mir ist das Anfang 2023 geschehen. Inzwischen ist es mir gelungen, mich wieder einigerma\u00dfen zusammenzusetzen. Ehe ich dar\u00fcber genauer berichten kann, wird noch Zeit vergehen, es handelt sich um den Verlust eines \u00fcber alles geliebten Menschen. Seit diesem Fr\u00fchling fange ich an, mich auch als Schriftstellerin wieder zu finden.<\/p>\n\n\n\n<p>Und weil das alles so schwer war und ist, stehe ich den Geschehnissen in der Welt hilfloser gegen\u00fcber denn je. Wenn schon ein Verlust, der einen pl\u00f6tzlich, aber auf nat\u00fcrliche Weise getroffen hat, dazu f\u00fchrt, dass man denkt verr\u00fcckt zu werden &#8211; wie kann es dann sein, dass es Menschen erlaubt ist ein solches Schicksal tagt\u00e4glich \u00fcber Unz\u00e4hlige zu bringen? Da ist nichts Nat\u00fcrliches, da wird gemordet und gefoltert mit allen Mitteln. Milliarden Menschen wollen in Frieden leben und lassen es zu, dass bestimmte Anf\u00fchrer und ihre Anh\u00e4nger den Krieg immer noch als legale Konfliktl\u00f6sungsstrategie f\u00fcr ihre Interessen einsetzen d\u00fcrfen. Wann und wie kann die Menschheit dem ein Ende bereiten? Agressoren einfach als Kriminelle behandeln und zusammen in einen Knast schicken, ehe andere sich mit denselben Mitteln verteidigen m\u00fcssen, denn mit Worten kann man sich gegen M\u00f6rder nicht verteidigen. <\/p>\n\n\n\n<figure class=\"wp-block-gallery columns-1 is-cropped wp-block-gallery-1 is-layout-flex wp-block-gallery-is-layout-flex\"><ul class=\"blocks-gallery-grid\"><li class=\"blocks-gallery-item\"><figure><img loading=\"lazy\" decoding=\"async\" width=\"1024\" height=\"1024\" src=\"https:\/\/angelikahensgen.hensgen.de\/wp-content\/uploads\/2024\/06\/IMG_20230125_165237-1024x1024.jpg\" alt=\"\" data-id=\"570\" data-full-url=\"https:\/\/angelikahensgen.hensgen.de\/wp-content\/uploads\/2024\/06\/IMG_20230125_165237.jpg\" data-link=\"https:\/\/angelikahensgen.hensgen.de\/?attachment_id=570\" class=\"wp-image-570\" srcset=\"https:\/\/angelikahensgen.hensgen.de\/wp-content\/uploads\/2024\/06\/IMG_20230125_165237-1024x1024.jpg 1024w, https:\/\/angelikahensgen.hensgen.de\/wp-content\/uploads\/2024\/06\/IMG_20230125_165237-300x300.jpg 300w, https:\/\/angelikahensgen.hensgen.de\/wp-content\/uploads\/2024\/06\/IMG_20230125_165237-150x150.jpg 150w, https:\/\/angelikahensgen.hensgen.de\/wp-content\/uploads\/2024\/06\/IMG_20230125_165237-768x768.jpg 768w, https:\/\/angelikahensgen.hensgen.de\/wp-content\/uploads\/2024\/06\/IMG_20230125_165237-1536x1536.jpg 1536w, https:\/\/angelikahensgen.hensgen.de\/wp-content\/uploads\/2024\/06\/IMG_20230125_165237.jpg 1564w\" sizes=\"auto, (max-width: 1024px) 100vw, 1024px\" \/><\/figure><\/li><\/ul><figcaption class=\"blocks-gallery-caption\">Nat\u00fcrlich gilt meine Trauer nicht nur dem Ukrainekrieg, was im Gaza geschieht, steht dem an Schrecklichkeit und Grausamkeit nicht nach, wie sollen wir unsere Verzweiflung illustrieren f\u00fcr jedes Menschenleben, das sinnlos genommen wird? Vor allem d\u00fcrfen wir uns nicht entzweien, indem wir dar\u00fcber streiten, was im Schlimmen am Schwersten wiegt. Lasst uns lieber einig bleiben dar\u00fcber, dass die W\u00fcrde und das Leben eines jeden Menschen gesch\u00fctzt werden muss.<\/figcaption><\/figure>\n\n\n\n<p>Ja, die Literatur spielt weiter eine gro\u00dfe Rolle f\u00fcr mich&#8230; gerade habe ich noch einmal die Kriminal-Trilogie des schwedischen Journalisten und Herausgebers <strong>Stieg Larsson<\/strong> gelesen. 1954 in Um\u00e9a geboren, galt er weltweit als Experte, der sich gegen Rechtsextremismus und Neonazismus einsetzte. Die Trilogie Verblendung-Verdamnis-Vergebung um den investigativen Journalisten Mikael Blomkvist und dem Computergenie Lisbeth Salander konnte er kurz vor seinem Tod 2004 vollenden. Er wurde daf\u00fcr 2006 postum als bester Krimiautor Sandinaviens geehrt. Welche Parallelen m\u00f6glicherweise zwischen dem Magazin EXPO, dessen Herausgeber Stieg Larsson war, und dem fiktiven Magazin Millennium, dessen Mitherausgeber die Buchfigur Mikael Blomkvist ist, bestehen, m\u00fcsste ich noch \u00fcberpr\u00fcfen. Fest steht, dass hier ein Journalist und eine durch ihr pers\u00f6nliches &#8211; in seiner Grausamkeit schwer zu beschreibendes &#8211; Schicksal nicht gebrochene, sondern zur K\u00e4mpferin gewordene Hackerin- mit ihren Mitteln, dem geschriebenen Wort und einer au\u00dfergew\u00f6hnlichen Netzintelligenz, Schwerstkriminellen, die die Mechanismen der Machtstrukturen in Wirtschaft und Politik f\u00fcr sich einzusetzen wissen, den Kampf ansagen. Es schimmert durch, dass man mit legalen Mitteln nicht unbedingt Trumpfkarten in der Hand h\u00e4lt in einem solchen Kampf. <\/p>\n\n\n\n<figure class=\"wp-block-gallery columns-1 is-cropped wp-block-gallery-2 is-layout-flex wp-block-gallery-is-layout-flex\"><ul class=\"blocks-gallery-grid\"><li class=\"blocks-gallery-item\"><figure><img loading=\"lazy\" decoding=\"async\" width=\"1024\" height=\"997\" src=\"https:\/\/angelikahensgen.hensgen.de\/wp-content\/uploads\/2024\/06\/1719063336936-1024x997.jpg\" alt=\"\" data-id=\"571\" data-full-url=\"https:\/\/angelikahensgen.hensgen.de\/wp-content\/uploads\/2024\/06\/1719063336936.jpg\" data-link=\"https:\/\/angelikahensgen.hensgen.de\/?attachment_id=571\" class=\"wp-image-571\" srcset=\"https:\/\/angelikahensgen.hensgen.de\/wp-content\/uploads\/2024\/06\/1719063336936-1024x997.jpg 1024w, https:\/\/angelikahensgen.hensgen.de\/wp-content\/uploads\/2024\/06\/1719063336936-300x292.jpg 300w, https:\/\/angelikahensgen.hensgen.de\/wp-content\/uploads\/2024\/06\/1719063336936-768x748.jpg 768w, https:\/\/angelikahensgen.hensgen.de\/wp-content\/uploads\/2024\/06\/1719063336936-1536x1495.jpg 1536w, https:\/\/angelikahensgen.hensgen.de\/wp-content\/uploads\/2024\/06\/1719063336936-2048x1994.jpg 2048w\" sizes=\"auto, (max-width: 1024px) 100vw, 1024px\" \/><\/figure><\/li><\/ul><figcaption class=\"blocks-gallery-caption\">&#8230;hab die Erfahrung gemacht Fotos nutzen zur Veranschaulichung&#8230;<\/figcaption><\/figure>\n\n\n\n<p>Weiter besch\u00e4ftigt mich nat\u00fcrlich die K\u00fcnstlerin und Schriftstellerin <strong>Hilde Rubinstein<\/strong> (1904-1997). Hier gleich einen kurzer Ausschnitt zu Leben und Werk, f\u00fcr die, die noch nie von ihr geh\u00f6rt haben.<\/p>\n\n\n\n<p>Die geb\u00fcrtige Augsburgerin hat in K\u00f6ln ihr Abitur gemacht und dort an der Werkschule studiert. Ihre Zeichnungen und Graphiken erschienen in renommierten Bl\u00e4ttern wie dem \u00bbQuerschnitt\u00ab und der \u00bbLiterarischen Welt\u00ab, bevor sie sich haupts\u00e4chlich dem Schreiben von Dramen widmete.<\/p>\n\n\n\n<p>Als J\u00fcdin und KPD-Mitglied 1934 verhaftet, konnte sie mit ihrer Tochter \u00fcber Stockholm nach Moskau fliehen, wo sie als \u00bbtrotzkistischer Kurier\u00ab erneut in Haft kam. Nach ihrer Entlassung (1937) machte sie Schweden zu ihrer Wahlheimat und schrieb dort Zeitst\u00fccke, Gedichte und Prosa, darunter den Roman \u00bbAtomd\u00e4mmerung\u00ab und das Theaterst\u00fcck \u00bbTiefgefrorenes Reh\u00ab, in denen sie Themen wie Krieg, Umweltzerst\u00f6rung und bedingungslosen Fortschrittsglauben in den Fokus stellt. Der Kampf der Jugend gegen eine solche Haltung der Elterngeneration wirkt in diesem St\u00fcck wie eine Vorwegnahme der Forderungen der \u201aFridays for Future\u2018, die sich f\u00fcr eine lebenswerte Zukunft auf unserem Planeten einsetzen. Texte, die Hilde Rubinstein in den 60gern, 70gern und 80gern verfasste, h\u00e4tte ich gern als junger Mensch gelesen, weil sie in ganz unterschiedlichen literarischen Formen alles verdeutlichen, was einem umweltbewussten und dem Fortschrittsglauben eher skeptisch gegen\u00fcberstehenden Menschen schon in der damaligen Zeit und heute in noch au\u00dferordentlicherem Ma\u00df zu schaffen macht. <\/p>\n\n\n\n<p>In Schweden gewann der Roman \u00bbAtomd\u00e4mmerung\u00ab, den Hilde Rubinstein auch dramatisierte, viele Preise und wurde in 80.000 Exemplaren gedruckt. In Deutschland blieb er nahezu wirkungslos. Hilde Rubinstein \u00fcbersetzte ihn selbst ins Deutsche, aber sie fand keinen Verleger daf\u00fcr. In einem renommierten K\u00f6lner Verlag machte man ihr ziemlich deutlich, es sei nicht gut, dass in Zeiten des Wirtschaftswunders und des kalten Krieges jemand wie sie \u2013 gemeint war wohl: eine J\u00fcdin, eine Frau, eine Kommunistin \u2013 sich derart pazifistisch und anti-imperialistisch \u00e4u\u00dfert. Nach langer Suche fand sie einen Schweizer Verlag, der das Buch \u00e4u\u00dferst schlecht \u00fcbersetzt herausbrachte.<\/p>\n\n\n\n<p>Aber Hilde Rubinstein arbeitete unbeirrt weiter, \u00fcber zwanzig Dramen, kulturkritische Essays, H\u00f6rspiele, Gedichte, Rezensionen, Reisebeschreibungen und Tageb\u00fccher, die sie im Rundfunk, in literarischen Zeitschriften oder in Kleinstverlagen publizierte. Ihre Themen: Umweltverschmutzung, Generationenkonflikt, Antisemitismus, Verdr\u00e4ngung des Holocaust, Friedensbewegung, Rassismus, Kinderarmut, Vietnam-Krieg, Todesstrafe, Asylpolitik, der arabisch-israelische Konflikt, Massentierhaltung, Kritik an der katholischen Kirche. Ein Teil dieser unglaublich aktuellen Texte ist versammelt in dem Textband \u00bbTiefgefrorenes Reh\u00ab, der 1987 im Ostberliner Henschel-Verlag erschien, wo man die zu diesem Zeitpunkt inzwischen 83j\u00e4hrige Autorin besser zu sch\u00e4tzen wusste als in Westdeutschland.&nbsp;<\/p>\n\n\n\n<p>Die ungebrochene Aktualit\u00e4t ihres Werkes, die Art und Weise, wie Hilde Rubinstein Wohl und Wehe der gesamten Menschheit literarisch in Augenschein nimmt, obwohl sie allen Grund gehabt h\u00e4tte, ihren eigenen dramatischen und schwierigen Lebensweg in den Fokus zu setzen, l\u00e4sst mich weiter darauf hinarbeiten ihr Werk einem breiterem Publikum der Gegenwart bekannt zu machen.<\/p>\n\n\n\n<figure class=\"wp-block-gallery columns-1 is-cropped wp-block-gallery-3 is-layout-flex wp-block-gallery-is-layout-flex\"><ul class=\"blocks-gallery-grid\"><li class=\"blocks-gallery-item\"><figure><img loading=\"lazy\" decoding=\"async\" width=\"1024\" height=\"1024\" src=\"https:\/\/angelikahensgen.hensgen.de\/wp-content\/uploads\/2024\/06\/1719064000276-1024x1024.jpg\" alt=\"\" data-id=\"573\" data-full-url=\"https:\/\/angelikahensgen.hensgen.de\/wp-content\/uploads\/2024\/06\/1719064000276.jpg\" data-link=\"https:\/\/angelikahensgen.hensgen.de\/?attachment_id=573\" class=\"wp-image-573\" srcset=\"https:\/\/angelikahensgen.hensgen.de\/wp-content\/uploads\/2024\/06\/1719064000276-1024x1024.jpg 1024w, https:\/\/angelikahensgen.hensgen.de\/wp-content\/uploads\/2024\/06\/1719064000276-300x300.jpg 300w, https:\/\/angelikahensgen.hensgen.de\/wp-content\/uploads\/2024\/06\/1719064000276-150x150.jpg 150w, https:\/\/angelikahensgen.hensgen.de\/wp-content\/uploads\/2024\/06\/1719064000276-768x768.jpg 768w, https:\/\/angelikahensgen.hensgen.de\/wp-content\/uploads\/2024\/06\/1719064000276-1536x1536.jpg 1536w, https:\/\/angelikahensgen.hensgen.de\/wp-content\/uploads\/2024\/06\/1719064000276.jpg 1564w\" sizes=\"auto, (max-width: 1024px) 100vw, 1024px\" \/><\/figure><\/li><\/ul><figcaption class=\"blocks-gallery-caption\">Geburtstagspost f\u00fcr Hilde Rubinstein am 7. April 2024 auf unknownpoet2019, meinem Instaaccount,da k\u00f6nnt ihr auch gerne vorbeischauen:)<\/figcaption><\/figure>\n\n\n\n<p>Und obwohl ich dem Hype, der in Jubil\u00e4umsjahren gleich ob zu Tod oder Geburt regelm\u00e4ssig stattfindet, mit Abwehr gegen\u00fcberstehe, besch\u00e4ftige ich mich etwas mehr als gew\u00f6hnlich (in dieTexte von denen, die man liebt, schaut man ja immer wieder hinein) mit <strong>Franz Kafka<\/strong>, was sich v.a, auf den aktuellen Diskurs zu ihm bezieht und wo mir manches nicht passt. Da muss ich aber meine Kritik noch mal \u00fcberpr\u00fcfen, ehe ich ich sie dann in K\u00fcrze hier zum Besten gebe.<\/p>\n\n\n\n<figure class=\"wp-block-gallery columns-1 is-cropped wp-block-gallery-4 is-layout-flex wp-block-gallery-is-layout-flex\"><ul class=\"blocks-gallery-grid\"><li class=\"blocks-gallery-item\"><figure><img loading=\"lazy\" decoding=\"async\" width=\"1024\" height=\"809\" src=\"https:\/\/angelikahensgen.hensgen.de\/wp-content\/uploads\/2024\/06\/1719063336929-1024x809.jpg\" alt=\"\" data-id=\"574\" data-full-url=\"https:\/\/angelikahensgen.hensgen.de\/wp-content\/uploads\/2024\/06\/1719063336929-scaled.jpg\" data-link=\"https:\/\/angelikahensgen.hensgen.de\/?attachment_id=574\" class=\"wp-image-574\" srcset=\"https:\/\/angelikahensgen.hensgen.de\/wp-content\/uploads\/2024\/06\/1719063336929-1024x809.jpg 1024w, https:\/\/angelikahensgen.hensgen.de\/wp-content\/uploads\/2024\/06\/1719063336929-300x237.jpg 300w, https:\/\/angelikahensgen.hensgen.de\/wp-content\/uploads\/2024\/06\/1719063336929-768x607.jpg 768w, https:\/\/angelikahensgen.hensgen.de\/wp-content\/uploads\/2024\/06\/1719063336929-1536x1214.jpg 1536w, https:\/\/angelikahensgen.hensgen.de\/wp-content\/uploads\/2024\/06\/1719063336929-2048x1618.jpg 2048w\" sizes=\"auto, (max-width: 1024px) 100vw, 1024px\" \/><\/figure><\/li><\/ul><figcaption class=\"blocks-gallery-caption\">&#8230;wo man so bl\u00e4ttert&#8230;<\/figcaption><\/figure>\n\n\n\n<p>Eigene Veranstaltungen von 2022 und 2023 und solche, bei denen ich mitwirken durfte, Recherchereisen etc. f\u00fcr die ich hier aus oben genanntem pers\u00f6nlichen Grund noch keinen Kopf hatte,  werden auch noch ihren Platz finden, denn trotz hohem Energieaufwand f\u00fcr mich in dieser Zeit, haben sie mich positiv bewegt und ich danke denen, die dazu beigetragen haben, dass ich sie trotz allem in Angriff genommen hatte. <\/p>\n\n\n\n<p>OK, soweit f\u00fcr heute, ich w\u00fcnsche euch und der ganzen Welt gute Zeiten. K\u00e4mpft weiter f\u00fcr eine bessere Welt f\u00fcr alle. Nat\u00fcrlich bin ich weiter f\u00fcr Schreiben und Lesen, aber vielleicht f\u00e4llt uns noch was ein, denn wir d\u00fcrfen auch die nicht vergessen, die gar nicht lesen und schreiben gelernt haben (etwa 770 Millionen zur Zeit) und die, die es nicht k\u00f6nnen, weil sie existentiell nicht dazu in der Lage sind, ob durch Krieg, Flucht (die Uno Fl\u00fcchtlingshilfe spricht von aktuell weltweit 120 Millionen Vertriebenen) , D\u00fcrre, \u00dcberschwemmung, Hunger, Durst etc. Also habt immer im Kopf, wer gerade behaust lesen und schreiben kann und darf, geh\u00f6rt auf jeden Fall zum privilegiertem Teil der Menschheit. In einer besseren Welt sollte das f\u00fcr alle m\u00f6glich sein.<\/p>\n\n\n\n<p><\/p>\n","protected":false},"excerpt":{"rendered":"<p>Seufz &#8211; voller Zuversicht hatte ich diesen Blog mal gestartet, um neben all dem, was mich in der Welt umtreibt, dem Raum zu geben, was mein Schreiben betrifft, denn das tue ich seit meinem dreizehnten Lebensjahr, ungeachtet dessen, ob es jemand wahrnimmt oder nicht. Es geh\u00f6rt zu meinem Leben &#8211; so pathetisch es klingt &#8211; [&hellip;]<\/p>\n","protected":false},"author":1,"featured_media":0,"comment_status":"open","ping_status":"open","sticky":false,"template":"","format":"standard","meta":{"footnotes":""},"categories":[1],"tags":[24,23,27,11,26,19,25,22],"class_list":["post-569","post","type-post","status-publish","format-standard","hentry","category-allgemein","tag-eine-bessere-welt-fuer-alle","tag-franz-kafka","tag-gegen-jeden-krieg","tag-hilde-rubinstein","tag-hoffnung","tag-literatur","tag-schmerz","tag-stieg-larsson"],"_links":{"self":[{"href":"https:\/\/angelikahensgen.hensgen.de\/index.php?rest_route=\/wp\/v2\/posts\/569","targetHints":{"allow":["GET"]}}],"collection":[{"href":"https:\/\/angelikahensgen.hensgen.de\/index.php?rest_route=\/wp\/v2\/posts"}],"about":[{"href":"https:\/\/angelikahensgen.hensgen.de\/index.php?rest_route=\/wp\/v2\/types\/post"}],"author":[{"embeddable":true,"href":"https:\/\/angelikahensgen.hensgen.de\/index.php?rest_route=\/wp\/v2\/users\/1"}],"replies":[{"embeddable":true,"href":"https:\/\/angelikahensgen.hensgen.de\/index.php?rest_route=%2Fwp%2Fv2%2Fcomments&post=569"}],"version-history":[{"count":3,"href":"https:\/\/angelikahensgen.hensgen.de\/index.php?rest_route=\/wp\/v2\/posts\/569\/revisions"}],"predecessor-version":[{"id":577,"href":"https:\/\/angelikahensgen.hensgen.de\/index.php?rest_route=\/wp\/v2\/posts\/569\/revisions\/577"}],"wp:attachment":[{"href":"https:\/\/angelikahensgen.hensgen.de\/index.php?rest_route=%2Fwp%2Fv2%2Fmedia&parent=569"}],"wp:term":[{"taxonomy":"category","embeddable":true,"href":"https:\/\/angelikahensgen.hensgen.de\/index.php?rest_route=%2Fwp%2Fv2%2Fcategories&post=569"},{"taxonomy":"post_tag","embeddable":true,"href":"https:\/\/angelikahensgen.hensgen.de\/index.php?rest_route=%2Fwp%2Fv2%2Ftags&post=569"}],"curies":[{"name":"wp","href":"https:\/\/api.w.org\/{rel}","templated":true}]}}