{"id":558,"date":"2022-08-18T11:58:23","date_gmt":"2022-08-18T09:58:23","guid":{"rendered":"https:\/\/angelikahensgen.hensgen.de\/?p=558"},"modified":"2022-08-18T11:58:23","modified_gmt":"2022-08-18T09:58:23","slug":"die-welt-steht-kopf","status":"publish","type":"post","link":"https:\/\/angelikahensgen.hensgen.de\/?p=558","title":{"rendered":"Die Welt steht Kopf&#8230;"},"content":{"rendered":"\n<p>darum mischen sich bei mir auch die Seiten <strong>Home<\/strong> und <strong>Aktuelles\/Politik<\/strong>, kann das eigentlich noch jemand f\u00fcr sich trennen?<\/p>\n\n\n\n<p>Jeder versucht seine pers\u00f6nlichen Ziele weiterzuverfolgen, seinen Verpflichtungen nachzugehen, auch die angenehmen Seiten des Lebens nicht wegzulassen&#8230; aber immer ist die Weltlage mit in Sicht, zu Recht wie ich finde, aber immer noch nicht hat sie gen\u00fcgend Aufmerksamkeit &#8211; in den Nachrichten vielleicht, aber nicht in unserem allt\u00e4glichen Handeln und vor allem auch nicht in den Entscheidungen derjenigen, die f\u00fcr die gro\u00dfen Entscheidungen verantwortlich zeichnen.<\/p>\n\n\n\n<p><\/p>\n\n\n\n<p>Oki, also verzeiht mir, wenn ihr hier von Literatur lesen wollt, aber Politisches serviert bekommt. Nat\u00fcrlich schreibe ich, mache Lesungen oder engagier mich in der Literaturf\u00f6rderung, aber alles verblasst hinter dem Gedanken, dass Kriege herrschen und das Klima kollabiert und die Menschen an Hunger und Durst oder durch Waffengewalt sterben.<\/p>\n\n\n\n<p><\/p>\n\n\n\n<p>Trotzdem hier mal ein paar Bilder zu Lesungen, das war am 30.3.22 im FORUM VHS im Museum am Neumarkt, K\u00f6ln<\/p>\n\n\n\n<figure class=\"wp-block-gallery columns-2 is-cropped wp-block-gallery-1 is-layout-flex wp-block-gallery-is-layout-flex\"><ul class=\"blocks-gallery-grid\"><li class=\"blocks-gallery-item\"><figure><img loading=\"lazy\" decoding=\"async\" width=\"768\" height=\"1024\" src=\"https:\/\/angelikahensgen.hensgen.de\/wp-content\/uploads\/2022\/08\/20220328_152219-2-768x1024.jpg\" alt=\"\" data-id=\"565\" data-full-url=\"https:\/\/angelikahensgen.hensgen.de\/wp-content\/uploads\/2022\/08\/20220328_152219-2-scaled.jpg\" data-link=\"https:\/\/angelikahensgen.hensgen.de\/?attachment_id=565\" class=\"wp-image-565\" srcset=\"https:\/\/angelikahensgen.hensgen.de\/wp-content\/uploads\/2022\/08\/20220328_152219-2-768x1024.jpg 768w, https:\/\/angelikahensgen.hensgen.de\/wp-content\/uploads\/2022\/08\/20220328_152219-2-225x300.jpg 225w, https:\/\/angelikahensgen.hensgen.de\/wp-content\/uploads\/2022\/08\/20220328_152219-2-1152x1536.jpg 1152w, https:\/\/angelikahensgen.hensgen.de\/wp-content\/uploads\/2022\/08\/20220328_152219-2-1536x2048.jpg 1536w, https:\/\/angelikahensgen.hensgen.de\/wp-content\/uploads\/2022\/08\/20220328_152219-2-scaled.jpg 1920w\" sizes=\"auto, (max-width: 768px) 100vw, 768px\" \/><\/figure><\/li><li class=\"blocks-gallery-item\"><figure><img loading=\"lazy\" decoding=\"async\" width=\"768\" height=\"1024\" src=\"https:\/\/angelikahensgen.hensgen.de\/wp-content\/uploads\/2022\/08\/20220328_153247-768x1024.jpg\" alt=\"\" data-id=\"563\" data-full-url=\"https:\/\/angelikahensgen.hensgen.de\/wp-content\/uploads\/2022\/08\/20220328_153247-scaled.jpg\" data-link=\"https:\/\/angelikahensgen.hensgen.de\/?attachment_id=563\" class=\"wp-image-563\" srcset=\"https:\/\/angelikahensgen.hensgen.de\/wp-content\/uploads\/2022\/08\/20220328_153247-768x1024.jpg 768w, https:\/\/angelikahensgen.hensgen.de\/wp-content\/uploads\/2022\/08\/20220328_153247-225x300.jpg 225w, https:\/\/angelikahensgen.hensgen.de\/wp-content\/uploads\/2022\/08\/20220328_153247-1152x1536.jpg 1152w, https:\/\/angelikahensgen.hensgen.de\/wp-content\/uploads\/2022\/08\/20220328_153247-1536x2048.jpg 1536w, https:\/\/angelikahensgen.hensgen.de\/wp-content\/uploads\/2022\/08\/20220328_153247-scaled.jpg 1920w\" sizes=\"auto, (max-width: 768px) 100vw, 768px\" \/><\/figure><\/li><\/ul><\/figure>\n\n\n\n<figure class=\"wp-block-gallery columns-2 is-cropped wp-block-gallery-2 is-layout-flex wp-block-gallery-is-layout-flex\"><ul class=\"blocks-gallery-grid\"><li class=\"blocks-gallery-item\"><figure><img loading=\"lazy\" decoding=\"async\" width=\"1024\" height=\"1024\" src=\"https:\/\/angelikahensgen.hensgen.de\/wp-content\/uploads\/2022\/08\/30.3.22-1-1024x1024.jpg\" alt=\"\" data-id=\"559\" data-link=\"https:\/\/angelikahensgen.hensgen.de\/?attachment_id=559\" class=\"wp-image-559\" srcset=\"https:\/\/angelikahensgen.hensgen.de\/wp-content\/uploads\/2022\/08\/30.3.22-1-1024x1024.jpg 1024w, https:\/\/angelikahensgen.hensgen.de\/wp-content\/uploads\/2022\/08\/30.3.22-1-300x300.jpg 300w, https:\/\/angelikahensgen.hensgen.de\/wp-content\/uploads\/2022\/08\/30.3.22-1-150x150.jpg 150w, https:\/\/angelikahensgen.hensgen.de\/wp-content\/uploads\/2022\/08\/30.3.22-1-768x768.jpg 768w, https:\/\/angelikahensgen.hensgen.de\/wp-content\/uploads\/2022\/08\/30.3.22-1-1536x1536.jpg 1536w, https:\/\/angelikahensgen.hensgen.de\/wp-content\/uploads\/2022\/08\/30.3.22-1.jpg 1564w\" sizes=\"auto, (max-width: 1024px) 100vw, 1024px\" \/><\/figure><\/li><li class=\"blocks-gallery-item\"><figure><img loading=\"lazy\" decoding=\"async\" width=\"1024\" height=\"1024\" src=\"https:\/\/angelikahensgen.hensgen.de\/wp-content\/uploads\/2022\/08\/30.3.22-2-1024x1024.jpg\" alt=\"\" data-id=\"560\" data-full-url=\"https:\/\/angelikahensgen.hensgen.de\/wp-content\/uploads\/2022\/08\/30.3.22-2.jpg\" data-link=\"https:\/\/angelikahensgen.hensgen.de\/?attachment_id=560\" class=\"wp-image-560\" srcset=\"https:\/\/angelikahensgen.hensgen.de\/wp-content\/uploads\/2022\/08\/30.3.22-2-1024x1024.jpg 1024w, https:\/\/angelikahensgen.hensgen.de\/wp-content\/uploads\/2022\/08\/30.3.22-2-300x300.jpg 300w, https:\/\/angelikahensgen.hensgen.de\/wp-content\/uploads\/2022\/08\/30.3.22-2-150x150.jpg 150w, https:\/\/angelikahensgen.hensgen.de\/wp-content\/uploads\/2022\/08\/30.3.22-2-768x768.jpg 768w, https:\/\/angelikahensgen.hensgen.de\/wp-content\/uploads\/2022\/08\/30.3.22-2-1536x1536.jpg 1536w, https:\/\/angelikahensgen.hensgen.de\/wp-content\/uploads\/2022\/08\/30.3.22-2.jpg 1564w\" sizes=\"auto, (max-width: 1024px) 100vw, 1024px\" \/><\/figure><\/li><\/ul><\/figure>\n\n\n\n<p>K\u00f6lner K\u00fcnstler*innen \u00e4u\u00dferten sich zum einzigartigen <em>K\u00f6lner Grundgesetz<\/em> und es war satirisch, heiter, bissig, ernst.<\/p>\n\n\n\n<p>Meinen Text kann ich ja hier zum besten geben:<\/p>\n\n\n\n<p><strong><em>Artikel 3<\/em><\/strong><\/p>\n\n\n\n<p>Normal springe ich hinein ins Thema- dass Worte, Silben, Buchstaben fliegen bis sie ihren gem\u00fctlichen Platz gefunden haben oder eben widerst\u00e4ndig eine geschmeidige Lesbarkeit verhindern.<\/p>\n\n\n\n<p>Heute stolpere ich, weil ich K\u00f6ln liebe und in dieser sympathischen unvollkommenen Stadt mit ihren sympathischen unvollkommenen Menschen dem K\u00f6lschen Grundgesetz gegen\u00fcber eine wohlwollende Haltung gepflegt hatte&#8230; wo immer ich die gefl\u00fcgelten Worte h\u00f6rte, sie schienen mir passend, tr\u00f6stlich, witzig &#8211; bis ich mich nun genauer befasste.<\/p>\n\n\n\n<p>Es gibt einen Paragraphen, der mich w\u00fcrgen l\u00e4sst: \u201eEt h\u00e4tt noch emmer joot jejange\u201c<\/p>\n\n\n\n<p>F\u00fcr wen gilt der denn bitte? F\u00fcr Sieger, Kriegsgewinnler, \u00dcberlebende.<\/p>\n\n\n\n<p>Und die sitzen auf einem Berg von Blut und Tr\u00fcmmern im Kleinen wie im Gro\u00dfen, schuldig oder unschuldig, auf jeden Fall noch da &#8211; im Gegensatz zu den vielen, die wegen anderer, wegen Murks, Unbedachtheit, Vorteilsnahme oder sogar Vorsatz ihr Leben verloren haben.<\/p>\n\n\n\n<p>Im M\u00e4rz 2009 versank das K\u00f6lner Stadtarchiv. Den Verlust der Schriften m\u00f6chte ich an dieser Stelle vernachl\u00e4ssigen, denn zwei junge Menschen verloren ihr Leben wegen der Schlamperei anderer: der 17 Jahre alte B\u00e4ckerlehrling Kevin K., der zu seinem Gl\u00fcck eindeutig sofort tot gewesen ist, und &nbsp;Kahlil G., 24, der vermutlich tagelang lebend in einem Hohlraum gelegen hatte, bevor er in dichtere Tr\u00fcmmer abrutschte, die Feuerwehr fand ihn erst nach dem Abriss zweier Geb\u00e4ude, zehn Tage nach dem Einsturz.<\/p>\n\n\n\n<p>Der Idee Gernot Eisenhauers folgend, der Nachrufe verfasst \u00fcber nicht-prominente Berliner, &nbsp;m\u00f6chte ich sie noch einmal deutlich in Erinnerung rufen: Kevin K. und Khalil G., zwei junge Menschen, die in K\u00f6ln ihr Gl\u00fcck suchten und durch den Murks anderer den Tod fanden und bei dem ganzen Spektakel &#8211; Verantwortung oder nicht &#8211; l\u00e4ngst in Vergessenheit geraten sind. Au\u00dfer von denen, die sie kannten und liebten. F\u00fcr diese beiden jungen Menschen ist gar nichts \u201ejoot jejange\u201c.<\/p>\n\n\n\n<p>Blicken wir von K\u00f6ln aus in die Welt. Was bitte soll noch gut gehen f\u00fcr die Ukraine? Tod, Flucht und Zerst\u00f6rung durch den Murks der Weltpolitik. Wieso kann man einem \u201acrazy ruler\u2018 nicht einfach Einhalt gebieten? Was sind das f\u00fcr internationale Gesetze, die Kriegsverbrechern wie Putin Immunit\u00e4t gew\u00e4hren? Was gestern gut gegangen ist, wird auch morgen funktionieren? Die Entscheidungstr\u00e4gerinnen und Entscheidungstr\u00e4ger Europas wurschteln sich durch Gesetze, Bestimmungen, Sitzungen und Beschl\u00fcsse, bedenken die wirtschaftlichen Folgen, die doch hinter jedem einzelnen Menschenleben zur\u00fcckstehen sollten. Diese M\u00e4chtigen verspielen die Chance eine Zeitenwende herbei zu f\u00fchren, den Weg zu ebnen in eine Zukunft, in der die vielen sagen k\u00f6nnten \u201eEt h\u00e4tt noch emmer joot jejange\u201c, nicht die wenigen, die zum Schluss auf dem Berg der Toten und der Tr\u00fcmmer sitzen. Nichts z\u00e4hlt noch f\u00fcr die Ukraine au\u00dfer der Niederlegung der Waffen und selbst dann ist nichts, aber auch gar nichts f\u00fcr sie \u201ejoot jejange\u201c.<\/p>\n\n\n\n<p>Oki, dann danke ich heute f\u00fcr eure Aufmerksamkeit! Bleibt gesund, haltet die Augen  und Ohren offen und verhelft der Welt zum Guten&#8230;<\/p>\n\n\n\n<p><\/p>\n\n\n\n<p><\/p>\n","protected":false},"excerpt":{"rendered":"<p>darum mischen sich bei mir auch die Seiten Home und Aktuelles\/Politik, kann das eigentlich noch jemand f\u00fcr sich trennen? Jeder versucht seine pers\u00f6nlichen Ziele weiterzuverfolgen, seinen Verpflichtungen nachzugehen, auch die angenehmen Seiten des Lebens nicht wegzulassen&#8230; aber immer ist die Weltlage mit in Sicht, zu Recht wie ich finde, aber immer noch nicht hat sie [&hellip;]<\/p>\n","protected":false},"author":1,"featured_media":0,"comment_status":"open","ping_status":"open","sticky":false,"template":"","format":"standard","meta":{"footnotes":""},"categories":[1],"tags":[21,17,19,20],"class_list":["post-558","post","type-post","status-publish","format-standard","hentry","category-allgemein","tag-klima","tag-krieg","tag-literatur","tag-politik"],"_links":{"self":[{"href":"https:\/\/angelikahensgen.hensgen.de\/index.php?rest_route=\/wp\/v2\/posts\/558","targetHints":{"allow":["GET"]}}],"collection":[{"href":"https:\/\/angelikahensgen.hensgen.de\/index.php?rest_route=\/wp\/v2\/posts"}],"about":[{"href":"https:\/\/angelikahensgen.hensgen.de\/index.php?rest_route=\/wp\/v2\/types\/post"}],"author":[{"embeddable":true,"href":"https:\/\/angelikahensgen.hensgen.de\/index.php?rest_route=\/wp\/v2\/users\/1"}],"replies":[{"embeddable":true,"href":"https:\/\/angelikahensgen.hensgen.de\/index.php?rest_route=%2Fwp%2Fv2%2Fcomments&post=558"}],"version-history":[{"count":2,"href":"https:\/\/angelikahensgen.hensgen.de\/index.php?rest_route=\/wp\/v2\/posts\/558\/revisions"}],"predecessor-version":[{"id":566,"href":"https:\/\/angelikahensgen.hensgen.de\/index.php?rest_route=\/wp\/v2\/posts\/558\/revisions\/566"}],"wp:attachment":[{"href":"https:\/\/angelikahensgen.hensgen.de\/index.php?rest_route=%2Fwp%2Fv2%2Fmedia&parent=558"}],"wp:term":[{"taxonomy":"category","embeddable":true,"href":"https:\/\/angelikahensgen.hensgen.de\/index.php?rest_route=%2Fwp%2Fv2%2Fcategories&post=558"},{"taxonomy":"post_tag","embeddable":true,"href":"https:\/\/angelikahensgen.hensgen.de\/index.php?rest_route=%2Fwp%2Fv2%2Ftags&post=558"}],"curies":[{"name":"wp","href":"https:\/\/api.w.org\/{rel}","templated":true}]}}