{"id":508,"date":"2021-10-08T19:15:16","date_gmt":"2021-10-08T17:15:16","guid":{"rendered":"https:\/\/angelikahensgen.hensgen.de\/?p=508"},"modified":"2021-10-08T19:15:16","modified_gmt":"2021-10-08T17:15:16","slug":"1700-jahre-juedisches-leben-in-deutschland","status":"publish","type":"post","link":"https:\/\/angelikahensgen.hensgen.de\/?p=508","title":{"rendered":"1700 Jahre j\u00fcdisches Leben in Deutschland"},"content":{"rendered":"\n<h1 class=\"wp-block-heading\">Hilde Rubinstein, Schriftstellerin und Malerin (1904 &#8211; 1997)<\/h1>\n\n\n\n<p><\/p>\n\n\n\n<p>Ein weiterer R\u00fcckblick auf einen wunderbaren Samstag im FORUM VHS (18.9.21) Die Besch\u00e4ftigung mit Hilde Rubinstein ist ein solch pers\u00f6nlicher Gewinn! Vielen Dank an <a href=\"https:\/\/www.facebook.com\/eva.weissweiler.3?__cft__[0]=AZX1qrUG2smBd7uFt9hmlBNGZvKwxpzvrci3D4X3_dg0z19hmSfoZdvPZnja9CAZXdiBS27qyIpK7QxF10FA6dUW9qzQdhUOkzAIX6yuCg-ULnlNzqcz9oMrRg7N61xrq6VDiIwQ-Z0khGxEkzz532us&amp;__tn__=-]K-R\">Eva Weissweiler<\/a>, <a href=\"https:\/\/www.facebook.com\/stephan.everling?__cft__[0]=AZX1qrUG2smBd7uFt9hmlBNGZvKwxpzvrci3D4X3_dg0z19hmSfoZdvPZnja9CAZXdiBS27qyIpK7QxF10FA6dUW9qzQdhUOkzAIX6yuCg-ULnlNzqcz9oMrRg7N61xrq6VDiIwQ-Z0khGxEkzz532us&amp;__tn__=-]K-R\">Stephan Everling<\/a> und <a href=\"https:\/\/www.facebook.com\/FotoMalereiArtCreative\/?__cft__[0]=AZX1qrUG2smBd7uFt9hmlBNGZvKwxpzvrci3D4X3_dg0z19hmSfoZdvPZnja9CAZXdiBS27qyIpK7QxF10FA6dUW9qzQdhUOkzAIX6yuCg-ULnlNzqcz9oMrRg7N61xrq6VDiIwQ-Z0khGxEkzz532us&amp;__tn__=kK-R\">Michael Frangen<\/a>, das Zusammenwirken war wundervoll&#8230; vielen Dank an unser wunderbares Publikum! Danke Homaira Mansury vom FORUM VHS und Iglin Sanu, der unsere technischen Probleme wie immer mit Engelsgeduld l\u00f6ste. In Erinnerung an Kurt Weill und Berthold Brecht und die Entstehungszeit von &#8222;Atomd\u00e4mmerung&#8220; und &#8222;Tiefgefrorenes Reh&#8220; war mir mal nach Schwarzwei\u00df:)<\/p>\n\n\n\n<figure class=\"wp-block-image\"><img decoding=\"async\" src=\"https:\/\/scontent-dus1-1.xx.fbcdn.net\/v\/t1.6435-9\/p600x600\/242292670_4449316198485468_7585595341625365276_n.jpg?_nc_cat=108&amp;ccb=1-5&amp;_nc_sid=730e14&amp;_nc_ohc=s-YFI7wrC-IAX-XdE6_&amp;_nc_ht=scontent-dus1-1.xx&amp;oh=59b93922b45156f82e62402155532e36&amp;oe=6186AEB5\" alt=\"\"\/><\/figure>\n\n\n\n<figure class=\"wp-block-image size-large\"><img loading=\"lazy\" decoding=\"async\" width=\"559\" height=\"794\" src=\"https:\/\/angelikahensgen.hensgen.de\/wp-content\/uploads\/2021\/10\/2021-08-10-Hilde-Rubinstein_2_seite-1.jpg\" alt=\"\" class=\"wp-image-509\" srcset=\"https:\/\/angelikahensgen.hensgen.de\/wp-content\/uploads\/2021\/10\/2021-08-10-Hilde-Rubinstein_2_seite-1.jpg 559w, https:\/\/angelikahensgen.hensgen.de\/wp-content\/uploads\/2021\/10\/2021-08-10-Hilde-Rubinstein_2_seite-1-211x300.jpg 211w\" sizes=\"auto, (max-width: 559px) 100vw, 559px\" \/><\/figure>\n\n\n\n<figure class=\"wp-block-image size-large\"><img loading=\"lazy\" decoding=\"async\" width=\"559\" height=\"794\" src=\"https:\/\/angelikahensgen.hensgen.de\/wp-content\/uploads\/2021\/10\/2021-08-10-Hilde-Rubinstein_2_seite-2.jpg\" alt=\"\" class=\"wp-image-510\" srcset=\"https:\/\/angelikahensgen.hensgen.de\/wp-content\/uploads\/2021\/10\/2021-08-10-Hilde-Rubinstein_2_seite-2.jpg 559w, https:\/\/angelikahensgen.hensgen.de\/wp-content\/uploads\/2021\/10\/2021-08-10-Hilde-Rubinstein_2_seite-2-211x300.jpg 211w\" sizes=\"auto, (max-width: 559px) 100vw, 559px\" \/><\/figure>\n\n\n\n<p><\/p>\n","protected":false},"excerpt":{"rendered":"<p>Hilde Rubinstein, Schriftstellerin und Malerin (1904 &#8211; 1997) Ein weiterer R\u00fcckblick auf einen wunderbaren Samstag im FORUM VHS (18.9.21) Die Besch\u00e4ftigung mit Hilde Rubinstein ist ein solch pers\u00f6nlicher Gewinn! Vielen Dank an Eva Weissweiler, Stephan Everling und Michael Frangen, das Zusammenwirken war wundervoll&#8230; vielen Dank an unser wunderbares Publikum! Danke Homaira Mansury vom FORUM VHS [&hellip;]<\/p>\n","protected":false},"author":1,"featured_media":0,"comment_status":"open","ping_status":"open","sticky":false,"template":"","format":"standard","meta":{"footnotes":""},"categories":[1],"tags":[],"class_list":["post-508","post","type-post","status-publish","format-standard","hentry","category-allgemein"],"_links":{"self":[{"href":"https:\/\/angelikahensgen.hensgen.de\/index.php?rest_route=\/wp\/v2\/posts\/508","targetHints":{"allow":["GET"]}}],"collection":[{"href":"https:\/\/angelikahensgen.hensgen.de\/index.php?rest_route=\/wp\/v2\/posts"}],"about":[{"href":"https:\/\/angelikahensgen.hensgen.de\/index.php?rest_route=\/wp\/v2\/types\/post"}],"author":[{"embeddable":true,"href":"https:\/\/angelikahensgen.hensgen.de\/index.php?rest_route=\/wp\/v2\/users\/1"}],"replies":[{"embeddable":true,"href":"https:\/\/angelikahensgen.hensgen.de\/index.php?rest_route=%2Fwp%2Fv2%2Fcomments&post=508"}],"version-history":[{"count":1,"href":"https:\/\/angelikahensgen.hensgen.de\/index.php?rest_route=\/wp\/v2\/posts\/508\/revisions"}],"predecessor-version":[{"id":511,"href":"https:\/\/angelikahensgen.hensgen.de\/index.php?rest_route=\/wp\/v2\/posts\/508\/revisions\/511"}],"wp:attachment":[{"href":"https:\/\/angelikahensgen.hensgen.de\/index.php?rest_route=%2Fwp%2Fv2%2Fmedia&parent=508"}],"wp:term":[{"taxonomy":"category","embeddable":true,"href":"https:\/\/angelikahensgen.hensgen.de\/index.php?rest_route=%2Fwp%2Fv2%2Fcategories&post=508"},{"taxonomy":"post_tag","embeddable":true,"href":"https:\/\/angelikahensgen.hensgen.de\/index.php?rest_route=%2Fwp%2Fv2%2Ftags&post=508"}],"curies":[{"name":"wp","href":"https:\/\/api.w.org\/{rel}","templated":true}]}}