{"id":506,"date":"2021-10-08T18:51:25","date_gmt":"2021-10-08T16:51:25","guid":{"rendered":"https:\/\/angelikahensgen.hensgen.de\/?p=506"},"modified":"2021-10-08T18:51:25","modified_gmt":"2021-10-08T16:51:25","slug":"koelner-foerderpreis-fuer-literatur-2021-3","status":"publish","type":"post","link":"https:\/\/angelikahensgen.hensgen.de\/?p=506","title":{"rendered":"K\u00f6lner F\u00f6rderpreis f\u00fcr Literatur 2021 (3)"},"content":{"rendered":"\n<p>Jo, auch der Abend des 11.9.21 im FORUM VHS war wieder mal fantastisch :)wem ich hier alles danken muss, den Preistr\u00e4ger*innen Frederike Sch\u00e4fer (Platz 1), Jan Schillm\u00f6ller (Platz 2), Cosima Petratos (Platz 3), Lucia Tollens und Sarah Erlenbruch (teilten sich den 4. Platz) f\u00fcr ihre Texte und Vortr\u00e4ge, Maria Helmis f\u00fcr ihre runde Ansprache in Sachen Kultur in K\u00f6ln, <a href=\"https:\/\/www.facebook.com\/andre.patten?__cft__[0]=AZUox871mihAC2chRBve7OisK1ysgXxI0ioTFxuBWRkLpkJcy1A653QimD_PKT4e715x_zbR_JlhaQVi5YdYyuDI6UA2f8q-kj9sjZWdlzIfwThSoIUxrTfT_IulaiFdTVk&amp;__tn__=-]K-R\">Andre Patten<\/a>, Melissa Steinsiek-Mo\u00dfmeier und <a href=\"https:\/\/www.facebook.com\/profile.php?id=100014116428481&amp;__cft__[0]=AZUox871mihAC2chRBve7OisK1ysgXxI0ioTFxuBWRkLpkJcy1A653QimD_PKT4e715x_zbR_JlhaQVi5YdYyuDI6UA2f8q-kj9sjZWdlzIfwThSoIUxrTfT_IulaiFdTVk&amp;__tn__=-]K-R\">Kevin Kader<\/a> von LandinSicht f\u00fcr Moderation und Orga, Miriam Zeh und Jan Drees f\u00fcr die gemeinsame spannende Juryarbeit, und last but not least Ilgin Suna von der Technik im FORUM VHS K\u00f6ln <img loading=\"lazy\" decoding=\"async\" width=\"16\" height=\"16\" alt=\"\ud83d\ude42\" src=\"https:\/\/static.xx.fbcdn.net\/images\/emoji.php\/v9\/t4c\/1\/16\/1f642.png\"> Hey, und dann durfte ich auch noch den 1. Preis an Frederike Sch\u00e4fer verlesen <img loading=\"lazy\" decoding=\"async\" width=\"16\" height=\"16\" alt=\"\ud83d\ude42\" src=\"https:\/\/static.xx.fbcdn.net\/images\/emoji.php\/v9\/t4c\/1\/16\/1f642.png\"> die dar\u00fcber hinaus auch noch den Publikumspreis verliehen bekommen hat. Herzlichen Gl\u00fcckwunsch noch einmal an sie und alle anderen Preistr\u00e4ger*innen, es war ein toller Abend!!! Und, <a href=\"https:\/\/www.facebook.com\/adrian.kasnitz?__cft__[0]=AZUox871mihAC2chRBve7OisK1ysgXxI0ioTFxuBWRkLpkJcy1A653QimD_PKT4e715x_zbR_JlhaQVi5YdYyuDI6UA2f8q-kj9sjZWdlzIfwThSoIUxrTfT_IulaiFdTVk&amp;__tn__=-]K-R\">Adrian Kasnitz<\/a>, fand auch supi, dass du mit dem B\u00fcchertisch der Parasitenpresse vor Ort warst <img loading=\"lazy\" decoding=\"async\" width=\"16\" height=\"16\" alt=\"\ud83d\ude42\" src=\"https:\/\/static.xx.fbcdn.net\/images\/emoji.php\/v9\/t4c\/1\/16\/1f642.png\"><\/p>\n\n\n\n<figure class=\"wp-block-image\"><img decoding=\"async\" src=\"https:\/\/scontent-dus1-1.xx.fbcdn.net\/v\/t1.6435-9\/p600x600\/242024680_4433291466754608_359258608810783078_n.jpg?_nc_cat=109&amp;ccb=1-5&amp;_nc_sid=730e14&amp;_nc_ohc=CAojZsnTGUIAX9WWoSE&amp;_nc_ht=scontent-dus1-1.xx&amp;oh=de12e3c5e37efb8af184450bb37d86ee&amp;oe=6185381B\" alt=\"\"\/><\/figure>\n\n\n\n<p>Oben von links nach rechts: Frederike Sch\u00e4fer und Lucia Tollens, unten von links nach rechts: Sarah Erlenbruch, Cosima Petratos und Jan Schillm\u00f6ller<\/p>\n\n\n\n<figure class=\"wp-block-image\"><img decoding=\"async\" src=\"https:\/\/scontent-dus1-1.xx.fbcdn.net\/v\/t1.6435-9\/p600x600\/242006111_4433292643421157_4275022821683518494_n.jpg?_nc_cat=100&amp;ccb=1-5&amp;_nc_sid=730e14&amp;_nc_ohc=6T8I3IRd1HkAX8QR_gv&amp;_nc_ht=scontent-dus1-1.xx&amp;oh=6a45c0afa1057d0b92e29683e6ce1e28&amp;oe=6187E36B\" alt=\"\"\/><\/figure>\n\n\n\n<p>oben von links nach rechts: Andr\u00e9 Patten, Melissa Steinsiek-Mo\u00dfmeier, Maria Helmis, unten von links nach rechts: Miriam Zeh, Jan Drees und Angelika Hensgen <\/p>\n\n\n\n<figure class=\"wp-block-image\"><img decoding=\"async\" src=\"https:\/\/scontent-dus1-1.xx.fbcdn.net\/v\/t1.6435-9\/p526x296\/241889402_4433343810082707_1908099248593285939_n.jpg?_nc_cat=105&amp;ccb=1-5&amp;_nc_sid=730e14&amp;_nc_ohc=1nMUZnIVpGAAX_CzbTR&amp;_nc_ht=scontent-dus1-1.xx&amp;oh=a4af7126195b47ada5e57e83a2c94bef&amp;oe=61842426\" alt=\"Ist m\u00f6glicherweise ein Bild von eine oder mehrere Personen und Personen, die stehen\"\/><\/figure>\n\n\n\n<p>H\u00e4ng noch ein Foto an, denn dort sind mit im Bild Kevin Kader (oben links), Adrian Kasnitz (unten links) und diejenigen, die unentbehrlich sind f\u00fcr einen gelungenen Abend: unsere Zuh\u00f6rerinnen und Zuh\u00f6rer:) Vielen Dank an unser wunderbares Publikum, es war so erfrischend mit euch zum ersten Mal nach der Coronapause !<\/p>\n","protected":false},"excerpt":{"rendered":"<p>Jo, auch der Abend des 11.9.21 im FORUM VHS war wieder mal fantastisch :)wem ich hier alles danken muss, den Preistr\u00e4ger*innen Frederike Sch\u00e4fer (Platz 1), Jan Schillm\u00f6ller (Platz 2), Cosima Petratos (Platz 3), Lucia Tollens und Sarah Erlenbruch (teilten sich den 4. Platz) f\u00fcr ihre Texte und Vortr\u00e4ge, Maria Helmis f\u00fcr ihre runde Ansprache in [&hellip;]<\/p>\n","protected":false},"author":1,"featured_media":0,"comment_status":"open","ping_status":"open","sticky":false,"template":"","format":"standard","meta":{"footnotes":""},"categories":[1],"tags":[9,10],"class_list":["post-506","post","type-post","status-publish","format-standard","hentry","category-allgemein","tag-koelner-foerderpreis-2021","tag-land-in-sicht"],"_links":{"self":[{"href":"https:\/\/angelikahensgen.hensgen.de\/index.php?rest_route=\/wp\/v2\/posts\/506","targetHints":{"allow":["GET"]}}],"collection":[{"href":"https:\/\/angelikahensgen.hensgen.de\/index.php?rest_route=\/wp\/v2\/posts"}],"about":[{"href":"https:\/\/angelikahensgen.hensgen.de\/index.php?rest_route=\/wp\/v2\/types\/post"}],"author":[{"embeddable":true,"href":"https:\/\/angelikahensgen.hensgen.de\/index.php?rest_route=\/wp\/v2\/users\/1"}],"replies":[{"embeddable":true,"href":"https:\/\/angelikahensgen.hensgen.de\/index.php?rest_route=%2Fwp%2Fv2%2Fcomments&post=506"}],"version-history":[{"count":1,"href":"https:\/\/angelikahensgen.hensgen.de\/index.php?rest_route=\/wp\/v2\/posts\/506\/revisions"}],"predecessor-version":[{"id":507,"href":"https:\/\/angelikahensgen.hensgen.de\/index.php?rest_route=\/wp\/v2\/posts\/506\/revisions\/507"}],"wp:attachment":[{"href":"https:\/\/angelikahensgen.hensgen.de\/index.php?rest_route=%2Fwp%2Fv2%2Fmedia&parent=506"}],"wp:term":[{"taxonomy":"category","embeddable":true,"href":"https:\/\/angelikahensgen.hensgen.de\/index.php?rest_route=%2Fwp%2Fv2%2Fcategories&post=506"},{"taxonomy":"post_tag","embeddable":true,"href":"https:\/\/angelikahensgen.hensgen.de\/index.php?rest_route=%2Fwp%2Fv2%2Ftags&post=506"}],"curies":[{"name":"wp","href":"https:\/\/api.w.org\/{rel}","templated":true}]}}