{"id":416,"date":"2021-02-24T17:00:59","date_gmt":"2021-02-24T15:00:59","guid":{"rendered":"http:\/\/angelikahensgen.hensgen.de\/?p=416"},"modified":"2021-03-20T19:43:03","modified_gmt":"2021-03-20T17:43:03","slug":"rueckblick-2020","status":"publish","type":"post","link":"https:\/\/angelikahensgen.hensgen.de\/?p=416","title":{"rendered":"R\u00fcckblick 2020"},"content":{"rendered":"\n<p>Ausschnitte aus den Literaturtage 2020.<\/p>\n\n\n\n<figure class=\"wp-block-image size-large is-resized\"><img loading=\"lazy\" decoding=\"async\" src=\"https:\/\/angelikahensgen.hensgen.de\/wp-content\/uploads\/2021\/02\/IMG_20201029_195502_033-1024x1024.jpg\" alt=\"\" class=\"wp-image-419\" width=\"512\" height=\"512\" srcset=\"https:\/\/angelikahensgen.hensgen.de\/wp-content\/uploads\/2021\/02\/IMG_20201029_195502_033-1024x1024.jpg 1024w, https:\/\/angelikahensgen.hensgen.de\/wp-content\/uploads\/2021\/02\/IMG_20201029_195502_033-300x300.jpg 300w, https:\/\/angelikahensgen.hensgen.de\/wp-content\/uploads\/2021\/02\/IMG_20201029_195502_033-150x150.jpg 150w, https:\/\/angelikahensgen.hensgen.de\/wp-content\/uploads\/2021\/02\/IMG_20201029_195502_033-768x768.jpg 768w, https:\/\/angelikahensgen.hensgen.de\/wp-content\/uploads\/2021\/02\/IMG_20201029_195502_033-1536x1536.jpg 1536w, https:\/\/angelikahensgen.hensgen.de\/wp-content\/uploads\/2021\/02\/IMG_20201029_195502_033.jpg 1564w\" sizes=\"auto, (max-width: 512px) 100vw, 512px\" \/><figcaption>Haus Balchem 28.10. 20 mit Christian Linker<\/figcaption><\/figure>\n\n\n\n<figure class=\"wp-block-image size-large is-resized\"><img loading=\"lazy\" decoding=\"async\" src=\"https:\/\/angelikahensgen.hensgen.de\/wp-content\/uploads\/2021\/02\/IMG_20201026_094248_627-Kulturkirche-1024x1024.jpg\" alt=\"\" class=\"wp-image-417\" width=\"512\" height=\"512\" srcset=\"https:\/\/angelikahensgen.hensgen.de\/wp-content\/uploads\/2021\/02\/IMG_20201026_094248_627-Kulturkirche-1024x1024.jpg 1024w, https:\/\/angelikahensgen.hensgen.de\/wp-content\/uploads\/2021\/02\/IMG_20201026_094248_627-Kulturkirche-300x300.jpg 300w, https:\/\/angelikahensgen.hensgen.de\/wp-content\/uploads\/2021\/02\/IMG_20201026_094248_627-Kulturkirche-150x150.jpg 150w, https:\/\/angelikahensgen.hensgen.de\/wp-content\/uploads\/2021\/02\/IMG_20201026_094248_627-Kulturkirche-768x768.jpg 768w, https:\/\/angelikahensgen.hensgen.de\/wp-content\/uploads\/2021\/02\/IMG_20201026_094248_627-Kulturkirche-1536x1536.jpg 1536w, https:\/\/angelikahensgen.hensgen.de\/wp-content\/uploads\/2021\/02\/IMG_20201026_094248_627-Kulturkirche.jpg 1564w\" sizes=\"auto, (max-width: 512px) 100vw, 512px\" \/><figcaption>Kulturkirche Ost 25.10.20 mit Mohamed Fezazi, Barbara M. Kloos, Bassima Khoury und Barbara Stewen<\/figcaption><\/figure>\n\n\n\n<p>Wir hatten noch Gl\u00fcck. Genau in der Lockdownpause fanden die K\u00f6lner Literaturtage des VS 2020 statt. Wir hatten vier Pr\u00e4senzveranstaltungen, nur die gr\u00f6\u00dfte im VHS fiel den Ma\u00dfgaben zum Opfer, aber die Preistr\u00e4ger*innen wurden gew\u00e4hlt und geehrt:)<\/p>\n\n\n\n<figure class=\"wp-block-image size-large is-resized\"><img loading=\"lazy\" decoding=\"async\" src=\"https:\/\/angelikahensgen.hensgen.de\/wp-content\/uploads\/2021\/02\/Samy-Challah-1.-Platz-1024x660.jpg\" alt=\"\" class=\"wp-image-420\" width=\"512\" height=\"330\" srcset=\"https:\/\/angelikahensgen.hensgen.de\/wp-content\/uploads\/2021\/02\/Samy-Challah-1.-Platz-1024x660.jpg 1024w, https:\/\/angelikahensgen.hensgen.de\/wp-content\/uploads\/2021\/02\/Samy-Challah-1.-Platz-300x193.jpg 300w, https:\/\/angelikahensgen.hensgen.de\/wp-content\/uploads\/2021\/02\/Samy-Challah-1.-Platz-768x495.jpg 768w, https:\/\/angelikahensgen.hensgen.de\/wp-content\/uploads\/2021\/02\/Samy-Challah-1.-Platz-1536x990.jpg 1536w, https:\/\/angelikahensgen.hensgen.de\/wp-content\/uploads\/2021\/02\/Samy-Challah-1.-Platz-2048x1320.jpg 2048w\" sizes=\"auto, (max-width: 512px) 100vw, 512px\" \/><figcaption>1. Sami Challah <\/figcaption><\/figure>\n\n\n\n<figure class=\"wp-block-image size-large is-resized\"><img loading=\"lazy\" decoding=\"async\" src=\"https:\/\/angelikahensgen.hensgen.de\/wp-content\/uploads\/2021\/02\/Lisa-Polster-2.-Platz-768x1024.jpg\" alt=\"\" class=\"wp-image-421\" width=\"384\" height=\"512\" srcset=\"https:\/\/angelikahensgen.hensgen.de\/wp-content\/uploads\/2021\/02\/Lisa-Polster-2.-Platz-768x1024.jpg 768w, https:\/\/angelikahensgen.hensgen.de\/wp-content\/uploads\/2021\/02\/Lisa-Polster-2.-Platz-225x300.jpg 225w, https:\/\/angelikahensgen.hensgen.de\/wp-content\/uploads\/2021\/02\/Lisa-Polster-2.-Platz.jpg 960w\" sizes=\"auto, (max-width: 384px) 100vw, 384px\" \/><figcaption>2. Lisa Polster <\/figcaption><\/figure>\n\n\n\n<figure class=\"wp-block-image size-large is-resized\"><img loading=\"lazy\" decoding=\"async\" src=\"https:\/\/angelikahensgen.hensgen.de\/wp-content\/uploads\/2021\/02\/Carla-Caspari-3.Platz_-725x1024.jpg\" alt=\"\" class=\"wp-image-422\" width=\"363\" height=\"512\" srcset=\"https:\/\/angelikahensgen.hensgen.de\/wp-content\/uploads\/2021\/02\/Carla-Caspari-3.Platz_-725x1024.jpg 725w, https:\/\/angelikahensgen.hensgen.de\/wp-content\/uploads\/2021\/02\/Carla-Caspari-3.Platz_-212x300.jpg 212w, https:\/\/angelikahensgen.hensgen.de\/wp-content\/uploads\/2021\/02\/Carla-Caspari-3.Platz_-768x1085.jpg 768w, https:\/\/angelikahensgen.hensgen.de\/wp-content\/uploads\/2021\/02\/Carla-Caspari-3.Platz_.jpg 906w\" sizes=\"auto, (max-width: 363px) 100vw, 363px\" \/><figcaption>3. Carla Kaspari<\/figcaption><\/figure>\n\n\n\n<figure class=\"wp-block-image size-large is-resized\"><img loading=\"lazy\" decoding=\"async\" src=\"https:\/\/angelikahensgen.hensgen.de\/wp-content\/uploads\/2021\/02\/Jonas-Linnebank-4.-Platz-1024x757.jpeg\" alt=\"\" class=\"wp-image-423\" width=\"512\" height=\"379\" srcset=\"https:\/\/angelikahensgen.hensgen.de\/wp-content\/uploads\/2021\/02\/Jonas-Linnebank-4.-Platz-1024x757.jpeg 1024w, https:\/\/angelikahensgen.hensgen.de\/wp-content\/uploads\/2021\/02\/Jonas-Linnebank-4.-Platz-300x222.jpeg 300w, https:\/\/angelikahensgen.hensgen.de\/wp-content\/uploads\/2021\/02\/Jonas-Linnebank-4.-Platz-768x568.jpeg 768w, https:\/\/angelikahensgen.hensgen.de\/wp-content\/uploads\/2021\/02\/Jonas-Linnebank-4.-Platz-1536x1136.jpeg 1536w, https:\/\/angelikahensgen.hensgen.de\/wp-content\/uploads\/2021\/02\/Jonas-Linnebank-4.-Platz-2048x1515.jpeg 2048w\" sizes=\"auto, (max-width: 512px) 100vw, 512px\" \/><figcaption>4. Jonas Linnebank<\/figcaption><\/figure>\n\n\n\n<figure class=\"wp-block-image size-large is-resized\"><img loading=\"lazy\" decoding=\"async\" src=\"https:\/\/angelikahensgen.hensgen.de\/wp-content\/uploads\/2021\/02\/Jana-Carina-Niedert-5.-Platz-576x1024.jpeg\" alt=\"\" class=\"wp-image-424\" width=\"288\" height=\"512\" srcset=\"https:\/\/angelikahensgen.hensgen.de\/wp-content\/uploads\/2021\/02\/Jana-Carina-Niedert-5.-Platz-576x1024.jpeg 576w, https:\/\/angelikahensgen.hensgen.de\/wp-content\/uploads\/2021\/02\/Jana-Carina-Niedert-5.-Platz-169x300.jpeg 169w, https:\/\/angelikahensgen.hensgen.de\/wp-content\/uploads\/2021\/02\/Jana-Carina-Niedert-5.-Platz.jpeg 720w\" sizes=\"auto, (max-width: 288px) 100vw, 288px\" \/><figcaption>5. Jana Carina Niedert<\/figcaption><\/figure>\n\n\n\n<p>Wir freuen uns mit den Preistr\u00e4ger*innen und wir allezusammen hoffen auf ein 2021, das uns ein zwangloses Beisammensein erlaubt gleich was wir feiern wollen!<\/p>\n","protected":false},"excerpt":{"rendered":"<p>Ausschnitte aus den Literaturtage 2020. Wir hatten noch Gl\u00fcck. Genau in der Lockdownpause fanden die K\u00f6lner Literaturtage des VS 2020 statt. Wir hatten vier Pr\u00e4senzveranstaltungen, nur die gr\u00f6\u00dfte im VHS fiel den Ma\u00dfgaben zum Opfer, aber die Preistr\u00e4ger*innen wurden gew\u00e4hlt und geehrt:) Wir freuen uns mit den Preistr\u00e4ger*innen und wir allezusammen hoffen auf ein 2021, [&hellip;]<\/p>\n","protected":false},"author":1,"featured_media":0,"comment_status":"open","ping_status":"open","sticky":false,"template":"","format":"standard","meta":{"footnotes":""},"categories":[1],"tags":[],"class_list":["post-416","post","type-post","status-publish","format-standard","hentry","category-allgemein"],"_links":{"self":[{"href":"https:\/\/angelikahensgen.hensgen.de\/index.php?rest_route=\/wp\/v2\/posts\/416","targetHints":{"allow":["GET"]}}],"collection":[{"href":"https:\/\/angelikahensgen.hensgen.de\/index.php?rest_route=\/wp\/v2\/posts"}],"about":[{"href":"https:\/\/angelikahensgen.hensgen.de\/index.php?rest_route=\/wp\/v2\/types\/post"}],"author":[{"embeddable":true,"href":"https:\/\/angelikahensgen.hensgen.de\/index.php?rest_route=\/wp\/v2\/users\/1"}],"replies":[{"embeddable":true,"href":"https:\/\/angelikahensgen.hensgen.de\/index.php?rest_route=%2Fwp%2Fv2%2Fcomments&post=416"}],"version-history":[{"count":5,"href":"https:\/\/angelikahensgen.hensgen.de\/index.php?rest_route=\/wp\/v2\/posts\/416\/revisions"}],"predecessor-version":[{"id":472,"href":"https:\/\/angelikahensgen.hensgen.de\/index.php?rest_route=\/wp\/v2\/posts\/416\/revisions\/472"}],"wp:attachment":[{"href":"https:\/\/angelikahensgen.hensgen.de\/index.php?rest_route=%2Fwp%2Fv2%2Fmedia&parent=416"}],"wp:term":[{"taxonomy":"category","embeddable":true,"href":"https:\/\/angelikahensgen.hensgen.de\/index.php?rest_route=%2Fwp%2Fv2%2Fcategories&post=416"},{"taxonomy":"post_tag","embeddable":true,"href":"https:\/\/angelikahensgen.hensgen.de\/index.php?rest_route=%2Fwp%2Fv2%2Ftags&post=416"}],"curies":[{"name":"wp","href":"https:\/\/api.w.org\/{rel}","templated":true}]}}