{"id":384,"date":"2020-10-07T14:56:27","date_gmt":"2020-10-07T12:56:27","guid":{"rendered":"http:\/\/angelikahensgen.hensgen.de\/?p=384"},"modified":"2021-03-20T19:43:50","modified_gmt":"2021-03-20T17:43:50","slug":"6-koelner-literaturtage-24-10-20-bis-30-10-20","status":"publish","type":"post","link":"https:\/\/angelikahensgen.hensgen.de\/?p=384","title":{"rendered":"6. K\u00f6lner Literaturtage 24.10.20 bis 30.10.20"},"content":{"rendered":"\n<h3 class=\"has-text-align-center wp-block-heading\">6. K\u00d6LNER LITERATURTAGE DES VS K\u00d6LN: <em>ICH BIN<\/em> <em>ONLINE, ALSO BIN ICH &#8211; ABER WEM GEH\u00d6RT <\/em>DAS NETZ?<\/h3>\n\n\n\n<p>Liebe Leute, Corona macht es uns nicht einfach, aber wir haben es geschafft, die 6. K\u00f6lner Literaturtage des VS werden stattfinden, wenn es nicht noch zu einem gro\u00dfen Lockdown kommt. Nat\u00fcrlich folgen wir den Beschr\u00e4nkungen der Veranstaltungsorte, deshalb w\u00e4re es wichtig, dass Ihr Euch zu den Veranstaltungen Eures Interesses anmeldet. Die Kontakte findet Ihr auf dem Flyer. Vielleicht sehen wir uns! Herzlich Angelika Hensgen<\/p>\n\n\n\n<p><\/p>\n\n\n\n<p><\/p>\n\n\n\n<figure class=\"wp-block-image size-large is-resized\"><img loading=\"lazy\" decoding=\"async\" src=\"https:\/\/angelikahensgen.hensgen.de\/wp-content\/uploads\/2020\/10\/Literaturtage-2020_Plakat-Fezazi-18_09-DIN-A3-728x1024.jpg\" alt=\"\" class=\"wp-image-388\" width=\"546\" height=\"768\" srcset=\"https:\/\/angelikahensgen.hensgen.de\/wp-content\/uploads\/2020\/10\/Literaturtage-2020_Plakat-Fezazi-18_09-DIN-A3-728x1024.jpg 728w, https:\/\/angelikahensgen.hensgen.de\/wp-content\/uploads\/2020\/10\/Literaturtage-2020_Plakat-Fezazi-18_09-DIN-A3-213x300.jpg 213w, https:\/\/angelikahensgen.hensgen.de\/wp-content\/uploads\/2020\/10\/Literaturtage-2020_Plakat-Fezazi-18_09-DIN-A3-768x1080.jpg 768w, https:\/\/angelikahensgen.hensgen.de\/wp-content\/uploads\/2020\/10\/Literaturtage-2020_Plakat-Fezazi-18_09-DIN-A3-1092x1536.jpg 1092w, https:\/\/angelikahensgen.hensgen.de\/wp-content\/uploads\/2020\/10\/Literaturtage-2020_Plakat-Fezazi-18_09-DIN-A3.jpg 1145w\" sizes=\"auto, (max-width: 546px) 100vw, 546px\" \/><\/figure>\n\n\n\n<figure class=\"wp-block-image size-large is-resized\"><img loading=\"lazy\" decoding=\"async\" src=\"https:\/\/angelikahensgen.hensgen.de\/wp-content\/uploads\/2020\/10\/Literaturtage-2020_Flyer-Fezazi-15_09-1024x689.jpg\" alt=\"\" class=\"wp-image-390\" width=\"768\" height=\"517\" srcset=\"https:\/\/angelikahensgen.hensgen.de\/wp-content\/uploads\/2020\/10\/Literaturtage-2020_Flyer-Fezazi-15_09-1024x689.jpg 1024w, https:\/\/angelikahensgen.hensgen.de\/wp-content\/uploads\/2020\/10\/Literaturtage-2020_Flyer-Fezazi-15_09-300x202.jpg 300w, https:\/\/angelikahensgen.hensgen.de\/wp-content\/uploads\/2020\/10\/Literaturtage-2020_Flyer-Fezazi-15_09-768x517.jpg 768w, https:\/\/angelikahensgen.hensgen.de\/wp-content\/uploads\/2020\/10\/Literaturtage-2020_Flyer-Fezazi-15_09.jpg 1213w\" sizes=\"auto, (max-width: 768px) 100vw, 768px\" \/><\/figure>\n\n\n\n<figure class=\"wp-block-image size-large is-resized\"><img loading=\"lazy\" decoding=\"async\" src=\"https:\/\/angelikahensgen.hensgen.de\/wp-content\/uploads\/2020\/10\/Literaturtage-2010_Flyer-Fezazi-15_09_innen-1024x689.jpg\" alt=\"\" class=\"wp-image-391\" width=\"768\" height=\"517\" srcset=\"https:\/\/angelikahensgen.hensgen.de\/wp-content\/uploads\/2020\/10\/Literaturtage-2010_Flyer-Fezazi-15_09_innen-1024x689.jpg 1024w, https:\/\/angelikahensgen.hensgen.de\/wp-content\/uploads\/2020\/10\/Literaturtage-2010_Flyer-Fezazi-15_09_innen-300x202.jpg 300w, https:\/\/angelikahensgen.hensgen.de\/wp-content\/uploads\/2020\/10\/Literaturtage-2010_Flyer-Fezazi-15_09_innen-768x517.jpg 768w, https:\/\/angelikahensgen.hensgen.de\/wp-content\/uploads\/2020\/10\/Literaturtage-2010_Flyer-Fezazi-15_09_innen.jpg 1213w\" sizes=\"auto, (max-width: 768px) 100vw, 768px\" \/><\/figure>\n\n\n\n<p><\/p>\n","protected":false},"excerpt":{"rendered":"<p>6. K\u00d6LNER LITERATURTAGE DES VS K\u00d6LN: ICH BIN ONLINE, ALSO BIN ICH &#8211; ABER WEM GEH\u00d6RT DAS NETZ? Liebe Leute, Corona macht es uns nicht einfach, aber wir haben es geschafft, die 6. K\u00f6lner Literaturtage des VS werden stattfinden, wenn es nicht noch zu einem gro\u00dfen Lockdown kommt. Nat\u00fcrlich folgen wir den Beschr\u00e4nkungen der Veranstaltungsorte, [&hellip;]<\/p>\n","protected":false},"author":1,"featured_media":0,"comment_status":"open","ping_status":"open","sticky":false,"template":"","format":"standard","meta":{"footnotes":""},"categories":[1],"tags":[],"class_list":["post-384","post","type-post","status-publish","format-standard","hentry","category-allgemein"],"_links":{"self":[{"href":"https:\/\/angelikahensgen.hensgen.de\/index.php?rest_route=\/wp\/v2\/posts\/384","targetHints":{"allow":["GET"]}}],"collection":[{"href":"https:\/\/angelikahensgen.hensgen.de\/index.php?rest_route=\/wp\/v2\/posts"}],"about":[{"href":"https:\/\/angelikahensgen.hensgen.de\/index.php?rest_route=\/wp\/v2\/types\/post"}],"author":[{"embeddable":true,"href":"https:\/\/angelikahensgen.hensgen.de\/index.php?rest_route=\/wp\/v2\/users\/1"}],"replies":[{"embeddable":true,"href":"https:\/\/angelikahensgen.hensgen.de\/index.php?rest_route=%2Fwp%2Fv2%2Fcomments&post=384"}],"version-history":[{"count":7,"href":"https:\/\/angelikahensgen.hensgen.de\/index.php?rest_route=\/wp\/v2\/posts\/384\/revisions"}],"predecessor-version":[{"id":473,"href":"https:\/\/angelikahensgen.hensgen.de\/index.php?rest_route=\/wp\/v2\/posts\/384\/revisions\/473"}],"wp:attachment":[{"href":"https:\/\/angelikahensgen.hensgen.de\/index.php?rest_route=%2Fwp%2Fv2%2Fmedia&parent=384"}],"wp:term":[{"taxonomy":"category","embeddable":true,"href":"https:\/\/angelikahensgen.hensgen.de\/index.php?rest_route=%2Fwp%2Fv2%2Fcategories&post=384"},{"taxonomy":"post_tag","embeddable":true,"href":"https:\/\/angelikahensgen.hensgen.de\/index.php?rest_route=%2Fwp%2Fv2%2Ftags&post=384"}],"curies":[{"name":"wp","href":"https:\/\/api.w.org\/{rel}","templated":true}]}}